{"id":113,"date":"2019-09-10T18:42:42","date_gmt":"2019-09-10T16:42:42","guid":{"rendered":"http:\/\/foto-studio-weiss.at\/?p=113"},"modified":"2019-09-10T19:12:39","modified_gmt":"2019-09-10T17:12:39","slug":"aktion-babyserien","status":"publish","type":"post","link":"http:\/\/foto-studio-weiss.at\/?p=113","title":{"rendered":"!! Aktion &#8211; Babyserien !!"},"content":{"rendered":"\n<p class=\"has-medium-font-size\">3 St\u00fcck 13 x 18 gratis! Gutschein ist bei uns im Gesch\u00e4ft erh\u00e4ltlich. <\/p>\n","protected":false},"excerpt":{"rendered":"<p>3 St\u00fcck 13 x 18 gratis! Gutschein ist bei uns im Gesch\u00e4ft erh\u00e4ltlich.<\/p>\n","protected":false},"author":1,"featured_media":124,"comment_status":"closed","ping_status":"open","sticky":true,"template":"","format":"standard","meta":[],"categories":[1],"tags":[],"_links":{"self":[{"href":"http:\/\/foto-studio-weiss.at\/index.php?rest_route=\/wp\/v2\/posts\/113"}],"collection":[{"href":"http:\/\/foto-studio-weiss.at\/index.php?rest_route=\/wp\/v2\/posts"}],"about":[{"href":"http:\/\/foto-studio-weiss.at\/index.php?rest_route=\/wp\/v2\/types\/post"}],"author":[{"embeddable":true,"href":"http:\/\/foto-studio-weiss.at\/index.php?rest_route=\/wp\/v2\/users\/1"}],"replies":[{"embeddable":true,"href":"http:\/\/foto-studio-weiss.at\/index.php?rest_route=%2Fwp%2Fv2%2Fcomments&post=113"}],"version-history":[{"count":18,"href":"http:\/\/foto-studio-weiss.at\/index.php?rest_route=\/wp\/v2\/posts\/113\/revisions"}],"predecessor-version":[{"id":137,"href":"http:\/\/foto-studio-weiss.at\/index.php?rest_route=\/wp\/v2\/posts\/113\/revisions\/137"}],"wp:featuredmedia":[{"embeddable":true,"href":"http:\/\/foto-studio-weiss.at\/index.php?rest_route=\/wp\/v2\/media\/124"}],"wp:attachment":[{"href":"http:\/\/foto-studio-weiss.at\/index.php?rest_route=%2Fwp%2Fv2%2Fmedia&parent=113"}],"wp:term":[{"taxonomy":"category","embeddable":true,"href":"http:\/\/foto-studio-weiss.at\/index.php?rest_route=%2Fwp%2Fv2%2Fcategories&post=113"},{"taxonomy":"post_tag","embeddable":true,"href":"http:\/\/foto-studio-weiss.at\/index.php?rest_route=%2Fwp%2Fv2%2Ftags&post=113"}],"curies":[{"name":"wp","href":"https:\/\/api.w.org\/{rel}","templated":true}]}}